{"id":16540,"date":"2026-04-27T10:41:41","date_gmt":"2026-04-27T08:41:41","guid":{"rendered":"https:\/\/www.ancier.fr\/?p=16540"},"modified":"2026-04-27T10:41:41","modified_gmt":"2026-04-27T08:41:41","slug":"%e2%9b%aa%ef%b8%8f-a-la-decouverte-des-tresors-caches-de-sainte-cecile-a-valay","status":"publish","type":"post","link":"https:\/\/www.ancier.fr\/?p=16540","title":{"rendered":"\u26ea\ufe0f \u00c0 la d\u00e9couverte des tr\u00e9sors cach\u00e9s de Sainte-C\u00e9cile \u00e0 VALAY !"},"content":{"rendered":"<p style=\"text-align: center;\"><span style=\"background-color: #ffff00; color: #ff0000;\">Le 8 mai<\/span>, la paroisse Saint Pierre-Fourier \u2013 Plaine de Gray, en collaboration avec la commune de Valay, vous invite \u00e0 une immersion historique unique.<\/p>\n<p style=\"text-align: center;\">\n<p style=\"text-align: center;\">\u200bVenez explorer le Hameau de Sainte-C\u00e9cile, un lieu charg\u00e9 de myst\u00e8re et de spiritualit\u00e9, qui abritait autrefois l&rsquo;ermitage de la maison hospitali\u00e8re de Saint Jean de J\u00e9rusalem d\u00e8s le XII\u00e8me si\u00e8cle \ud83d\udee1\ufe0f\u2728<\/p>\n<p>&nbsp;<\/p>\n<p><img loading=\"lazy\" decoding=\"async\" class=\"size-full wp-image-16541 aligncenter\" src=\"https:\/\/www.ancier.fr\/wp-content\/uploads\/2026\/04\/Screenshot_20260427_103108_Microsoft-Word.jpg\" alt=\"\" width=\"1079\" height=\"1525\" srcset=\"https:\/\/www.ancier.fr\/wp-content\/uploads\/2026\/04\/Screenshot_20260427_103108_Microsoft-Word.jpg 1079w, https:\/\/www.ancier.fr\/wp-content\/uploads\/2026\/04\/Screenshot_20260427_103108_Microsoft-Word-212x300.jpg 212w, https:\/\/www.ancier.fr\/wp-content\/uploads\/2026\/04\/Screenshot_20260427_103108_Microsoft-Word-725x1024.jpg 725w, https:\/\/www.ancier.fr\/wp-content\/uploads\/2026\/04\/Screenshot_20260427_103108_Microsoft-Word-768x1085.jpg 768w\" sizes=\"auto, (max-width: 1079px) 100vw, 1079px\" \/><\/p>\n<p style=\"text-align: center;\">\n","protected":false},"excerpt":{"rendered":"<p>Le 8 mai, la paroisse Saint Pierre-Fourier \u2013 Plaine de Gray, en collaboration avec la commune de Valay, vous invite \u00e0 une immersion historique unique. \u200bVenez explorer le Hameau de Sainte-C\u00e9cile, un lieu charg\u00e9 de myst\u00e8re et de spiritualit\u00e9, qui abritait autrefois l&rsquo;ermitage de la maison hospitali\u00e8re de Saint Jean de J\u00e9rusalem d\u00e8s le XII\u00e8me [&hellip;]<\/p>\n","protected":false},"author":2,"featured_media":0,"comment_status":"closed","ping_status":"closed","sticky":false,"template":"","format":"standard","meta":{"footnotes":""},"categories":[35],"tags":[],"class_list":["post-16540","post","type-post","status-publish","format-standard","hentry","category-informations"],"yoast_head":"<!-- This site is optimized with the Yoast SEO Premium plugin v27.2 (Yoast SEO v27.2) - https:\/\/yoast.com\/product\/yoast-seo-premium-wordpress\/ -->\n<title>\u26ea\ufe0f \u00c0 la d\u00e9couverte des tr\u00e9sors cach\u00e9s de Sainte-C\u00e9cile \u00e0 VALAY ! - Commune d&#039;Ancier<\/title>\n<meta name=\"robots\" content=\"index, follow, max-snippet:-1, max-image-preview:large, max-video-preview:-1\" \/>\n<link rel=\"canonical\" href=\"https:\/\/www.ancier.fr\/?p=16540\" \/>\n<meta property=\"og:locale\" content=\"fr_FR\" \/>\n<meta property=\"og:type\" content=\"article\" \/>\n<meta property=\"og:title\" content=\"\u26ea\ufe0f \u00c0 la d\u00e9couverte des tr\u00e9sors cach\u00e9s de Sainte-C\u00e9cile \u00e0 VALAY !\" \/>\n<meta property=\"og:description\" content=\"Le 8 mai, la paroisse Saint Pierre-Fourier \u2013 Plaine de Gray, en collaboration avec la commune de Valay, vous invite \u00e0 une immersion historique unique. \u200bVenez explorer le Hameau de Sainte-C\u00e9cile, un lieu charg\u00e9 de myst\u00e8re et de spiritualit\u00e9, qui abritait autrefois l&rsquo;ermitage de la maison hospitali\u00e8re de Saint Jean de J\u00e9rusalem d\u00e8s le XII\u00e8me [&hellip;]\" \/>\n<meta property=\"og:url\" content=\"https:\/\/www.ancier.fr\/?p=16540\" \/>\n<meta property=\"og:site_name\" content=\"Commune d&#039;Ancier\" \/>\n<meta property=\"article:publisher\" content=\"https:\/\/www.facebook.com\/JCA70\" \/>\n<meta property=\"article:published_time\" content=\"2026-04-27T08:41:41+00:00\" \/>\n<meta property=\"og:image\" content=\"https:\/\/www.ancier.fr\/wp-content\/uploads\/2026\/04\/Screenshot_20260427_103108_Microsoft-Word.jpg\" \/>\n\t<meta property=\"og:image:width\" content=\"1079\" \/>\n\t<meta property=\"og:image:height\" content=\"1525\" \/>\n\t<meta property=\"og:image:type\" content=\"image\/jpeg\" \/>\n<meta name=\"author\" content=\"J\u00e9r\u00e9my Menestret\" \/>\n<meta name=\"twitter:card\" content=\"summary_large_image\" \/>\n<meta name=\"twitter:label1\" content=\"\u00c9crit par\" \/>\n\t<meta name=\"twitter:data1\" content=\"J\u00e9r\u00e9my Menestret\" \/>\n\t<meta name=\"twitter:label2\" content=\"Dur\u00e9e de lecture estim\u00e9e\" \/>\n\t<meta name=\"twitter:data2\" content=\"1 minute\" \/>\n<script type=\"application\/ld+json\" class=\"yoast-schema-graph\">{\"@context\":\"https:\/\/schema.org\",\"@graph\":[{\"@type\":\"Article\",\"@id\":\"https:\/\/www.ancier.fr\/?p=16540#article\",\"isPartOf\":{\"@id\":\"https:\/\/www.ancier.fr\/?p=16540\"},\"author\":{\"name\":\"J\u00e9r\u00e9my Menestret\",\"@id\":\"https:\/\/www.ancier.fr\/#\/schema\/person\/45b80a9ba3bb7dfd44076361badf4cd2\"},\"headline\":\"\u26ea\ufe0f \u00c0 la d\u00e9couverte des tr\u00e9sors cach\u00e9s de Sainte-C\u00e9cile \u00e0 VALAY !\",\"datePublished\":\"2026-04-27T08:41:41+00:00\",\"mainEntityOfPage\":{\"@id\":\"https:\/\/www.ancier.fr\/?p=16540\"},\"wordCount\":74,\"publisher\":{\"@id\":\"https:\/\/www.ancier.fr\/#organization\"},\"image\":{\"@id\":\"https:\/\/www.ancier.fr\/?p=16540#primaryimage\"},\"thumbnailUrl\":\"https:\/\/www.ancier.fr\/wp-content\/uploads\/2026\/04\/Screenshot_20260427_103108_Microsoft-Word.jpg\",\"articleSection\":[\"Informations\"],\"inLanguage\":\"fr-FR\"},{\"@type\":\"WebPage\",\"@id\":\"https:\/\/www.ancier.fr\/?p=16540\",\"url\":\"https:\/\/www.ancier.fr\/?p=16540\",\"name\":\"\u26ea\ufe0f \u00c0 la d\u00e9couverte des tr\u00e9sors cach\u00e9s de Sainte-C\u00e9cile \u00e0 VALAY ! - Commune d&#039;Ancier\",\"isPartOf\":{\"@id\":\"https:\/\/www.ancier.fr\/#website\"},\"primaryImageOfPage\":{\"@id\":\"https:\/\/www.ancier.fr\/?p=16540#primaryimage\"},\"image\":{\"@id\":\"https:\/\/www.ancier.fr\/?p=16540#primaryimage\"},\"thumbnailUrl\":\"https:\/\/www.ancier.fr\/wp-content\/uploads\/2026\/04\/Screenshot_20260427_103108_Microsoft-Word.jpg\",\"datePublished\":\"2026-04-27T08:41:41+00:00\",\"breadcrumb\":{\"@id\":\"https:\/\/www.ancier.fr\/?p=16540#breadcrumb\"},\"inLanguage\":\"fr-FR\",\"potentialAction\":[{\"@type\":\"ReadAction\",\"target\":[\"https:\/\/www.ancier.fr\/?p=16540\"]}]},{\"@type\":\"ImageObject\",\"inLanguage\":\"fr-FR\",\"@id\":\"https:\/\/www.ancier.fr\/?p=16540#primaryimage\",\"url\":\"https:\/\/www.ancier.fr\/wp-content\/uploads\/2026\/04\/Screenshot_20260427_103108_Microsoft-Word.jpg\",\"contentUrl\":\"https:\/\/www.ancier.fr\/wp-content\/uploads\/2026\/04\/Screenshot_20260427_103108_Microsoft-Word.jpg\",\"width\":1079,\"height\":1525},{\"@type\":\"BreadcrumbList\",\"@id\":\"https:\/\/www.ancier.fr\/?p=16540#breadcrumb\",\"itemListElement\":[{\"@type\":\"ListItem\",\"position\":1,\"name\":\"Accueil\",\"item\":\"https:\/\/www.ancier.fr\/\"},{\"@type\":\"ListItem\",\"position\":2,\"name\":\"\u26ea\ufe0f \u00c0 la d\u00e9couverte des tr\u00e9sors cach\u00e9s de Sainte-C\u00e9cile \u00e0 VALAY !\"}]},{\"@type\":\"WebSite\",\"@id\":\"https:\/\/www.ancier.fr\/#website\",\"url\":\"https:\/\/www.ancier.fr\/\",\"name\":\"Commune d'Ancier\",\"description\":\"Site de la commune d&#039;Ancier\",\"publisher\":{\"@id\":\"https:\/\/www.ancier.fr\/#organization\"},\"potentialAction\":[{\"@type\":\"SearchAction\",\"target\":{\"@type\":\"EntryPoint\",\"urlTemplate\":\"https:\/\/www.ancier.fr\/?s={search_term_string}\"},\"query-input\":{\"@type\":\"PropertyValueSpecification\",\"valueRequired\":true,\"valueName\":\"search_term_string\"}}],\"inLanguage\":\"fr-FR\"},{\"@type\":\"Organization\",\"@id\":\"https:\/\/www.ancier.fr\/#organization\",\"name\":\"Commune d'Ancier\",\"url\":\"https:\/\/www.ancier.fr\/\",\"logo\":{\"@type\":\"ImageObject\",\"inLanguage\":\"fr-FR\",\"@id\":\"https:\/\/www.ancier.fr\/#\/schema\/logo\/image\/\",\"url\":\"https:\/\/www.ancier.fr\/wp-content\/uploads\/2026\/02\/cropped-FB_IMG_1649179786128.png\",\"contentUrl\":\"https:\/\/www.ancier.fr\/wp-content\/uploads\/2026\/02\/cropped-FB_IMG_1649179786128.png\",\"width\":931,\"height\":931,\"caption\":\"Commune d'Ancier\"},\"image\":{\"@id\":\"https:\/\/www.ancier.fr\/#\/schema\/logo\/image\/\"},\"sameAs\":[\"https:\/\/www.facebook.com\/JCA70\"]},{\"@type\":\"Person\",\"@id\":\"https:\/\/www.ancier.fr\/#\/schema\/person\/45b80a9ba3bb7dfd44076361badf4cd2\",\"name\":\"J\u00e9r\u00e9my Menestret\",\"image\":{\"@type\":\"ImageObject\",\"inLanguage\":\"fr-FR\",\"@id\":\"https:\/\/secure.gravatar.com\/avatar\/6eb347eb0a1612713327922960bef011519ea8e7d42043f0847190eeade8d9e0?s=96&d=mm&r=g\",\"url\":\"https:\/\/secure.gravatar.com\/avatar\/6eb347eb0a1612713327922960bef011519ea8e7d42043f0847190eeade8d9e0?s=96&d=mm&r=g\",\"contentUrl\":\"https:\/\/secure.gravatar.com\/avatar\/6eb347eb0a1612713327922960bef011519ea8e7d42043f0847190eeade8d9e0?s=96&d=mm&r=g\",\"caption\":\"J\u00e9r\u00e9my Menestret\"},\"url\":\"https:\/\/www.ancier.fr\/?author=2\"}]}<\/script>\n<!-- \/ Yoast SEO Premium plugin. -->","yoast_head_json":{"title":"\u26ea\ufe0f \u00c0 la d\u00e9couverte des tr\u00e9sors cach\u00e9s de Sainte-C\u00e9cile \u00e0 VALAY ! - Commune d&#039;Ancier","robots":{"index":"index","follow":"follow","max-snippet":"max-snippet:-1","max-image-preview":"max-image-preview:large","max-video-preview":"max-video-preview:-1"},"canonical":"https:\/\/www.ancier.fr\/?p=16540","og_locale":"fr_FR","og_type":"article","og_title":"\u26ea\ufe0f \u00c0 la d\u00e9couverte des tr\u00e9sors cach\u00e9s de Sainte-C\u00e9cile \u00e0 VALAY !","og_description":"Le 8 mai, la paroisse Saint Pierre-Fourier \u2013 Plaine de Gray, en collaboration avec la commune de Valay, vous invite \u00e0 une immersion historique unique. \u200bVenez explorer le Hameau de Sainte-C\u00e9cile, un lieu charg\u00e9 de myst\u00e8re et de spiritualit\u00e9, qui abritait autrefois l&rsquo;ermitage de la maison hospitali\u00e8re de Saint Jean de J\u00e9rusalem d\u00e8s le XII\u00e8me [&hellip;]","og_url":"https:\/\/www.ancier.fr\/?p=16540","og_site_name":"Commune d&#039;Ancier","article_publisher":"https:\/\/www.facebook.com\/JCA70","article_published_time":"2026-04-27T08:41:41+00:00","og_image":[{"width":1079,"height":1525,"url":"https:\/\/www.ancier.fr\/wp-content\/uploads\/2026\/04\/Screenshot_20260427_103108_Microsoft-Word.jpg","type":"image\/jpeg"}],"author":"J\u00e9r\u00e9my Menestret","twitter_card":"summary_large_image","twitter_misc":{"\u00c9crit par":"J\u00e9r\u00e9my Menestret","Dur\u00e9e de lecture estim\u00e9e":"1 minute"},"schema":{"@context":"https:\/\/schema.org","@graph":[{"@type":"Article","@id":"https:\/\/www.ancier.fr\/?p=16540#article","isPartOf":{"@id":"https:\/\/www.ancier.fr\/?p=16540"},"author":{"name":"J\u00e9r\u00e9my Menestret","@id":"https:\/\/www.ancier.fr\/#\/schema\/person\/45b80a9ba3bb7dfd44076361badf4cd2"},"headline":"\u26ea\ufe0f \u00c0 la d\u00e9couverte des tr\u00e9sors cach\u00e9s de Sainte-C\u00e9cile \u00e0 VALAY !","datePublished":"2026-04-27T08:41:41+00:00","mainEntityOfPage":{"@id":"https:\/\/www.ancier.fr\/?p=16540"},"wordCount":74,"publisher":{"@id":"https:\/\/www.ancier.fr\/#organization"},"image":{"@id":"https:\/\/www.ancier.fr\/?p=16540#primaryimage"},"thumbnailUrl":"https:\/\/www.ancier.fr\/wp-content\/uploads\/2026\/04\/Screenshot_20260427_103108_Microsoft-Word.jpg","articleSection":["Informations"],"inLanguage":"fr-FR"},{"@type":"WebPage","@id":"https:\/\/www.ancier.fr\/?p=16540","url":"https:\/\/www.ancier.fr\/?p=16540","name":"\u26ea\ufe0f \u00c0 la d\u00e9couverte des tr\u00e9sors cach\u00e9s de Sainte-C\u00e9cile \u00e0 VALAY ! - Commune d&#039;Ancier","isPartOf":{"@id":"https:\/\/www.ancier.fr\/#website"},"primaryImageOfPage":{"@id":"https:\/\/www.ancier.fr\/?p=16540#primaryimage"},"image":{"@id":"https:\/\/www.ancier.fr\/?p=16540#primaryimage"},"thumbnailUrl":"https:\/\/www.ancier.fr\/wp-content\/uploads\/2026\/04\/Screenshot_20260427_103108_Microsoft-Word.jpg","datePublished":"2026-04-27T08:41:41+00:00","breadcrumb":{"@id":"https:\/\/www.ancier.fr\/?p=16540#breadcrumb"},"inLanguage":"fr-FR","potentialAction":[{"@type":"ReadAction","target":["https:\/\/www.ancier.fr\/?p=16540"]}]},{"@type":"ImageObject","inLanguage":"fr-FR","@id":"https:\/\/www.ancier.fr\/?p=16540#primaryimage","url":"https:\/\/www.ancier.fr\/wp-content\/uploads\/2026\/04\/Screenshot_20260427_103108_Microsoft-Word.jpg","contentUrl":"https:\/\/www.ancier.fr\/wp-content\/uploads\/2026\/04\/Screenshot_20260427_103108_Microsoft-Word.jpg","width":1079,"height":1525},{"@type":"BreadcrumbList","@id":"https:\/\/www.ancier.fr\/?p=16540#breadcrumb","itemListElement":[{"@type":"ListItem","position":1,"name":"Accueil","item":"https:\/\/www.ancier.fr\/"},{"@type":"ListItem","position":2,"name":"\u26ea\ufe0f \u00c0 la d\u00e9couverte des tr\u00e9sors cach\u00e9s de Sainte-C\u00e9cile \u00e0 VALAY !"}]},{"@type":"WebSite","@id":"https:\/\/www.ancier.fr\/#website","url":"https:\/\/www.ancier.fr\/","name":"Commune d'Ancier","description":"Site de la commune d&#039;Ancier","publisher":{"@id":"https:\/\/www.ancier.fr\/#organization"},"potentialAction":[{"@type":"SearchAction","target":{"@type":"EntryPoint","urlTemplate":"https:\/\/www.ancier.fr\/?s={search_term_string}"},"query-input":{"@type":"PropertyValueSpecification","valueRequired":true,"valueName":"search_term_string"}}],"inLanguage":"fr-FR"},{"@type":"Organization","@id":"https:\/\/www.ancier.fr\/#organization","name":"Commune d'Ancier","url":"https:\/\/www.ancier.fr\/","logo":{"@type":"ImageObject","inLanguage":"fr-FR","@id":"https:\/\/www.ancier.fr\/#\/schema\/logo\/image\/","url":"https:\/\/www.ancier.fr\/wp-content\/uploads\/2026\/02\/cropped-FB_IMG_1649179786128.png","contentUrl":"https:\/\/www.ancier.fr\/wp-content\/uploads\/2026\/02\/cropped-FB_IMG_1649179786128.png","width":931,"height":931,"caption":"Commune d'Ancier"},"image":{"@id":"https:\/\/www.ancier.fr\/#\/schema\/logo\/image\/"},"sameAs":["https:\/\/www.facebook.com\/JCA70"]},{"@type":"Person","@id":"https:\/\/www.ancier.fr\/#\/schema\/person\/45b80a9ba3bb7dfd44076361badf4cd2","name":"J\u00e9r\u00e9my Menestret","image":{"@type":"ImageObject","inLanguage":"fr-FR","@id":"https:\/\/secure.gravatar.com\/avatar\/6eb347eb0a1612713327922960bef011519ea8e7d42043f0847190eeade8d9e0?s=96&d=mm&r=g","url":"https:\/\/secure.gravatar.com\/avatar\/6eb347eb0a1612713327922960bef011519ea8e7d42043f0847190eeade8d9e0?s=96&d=mm&r=g","contentUrl":"https:\/\/secure.gravatar.com\/avatar\/6eb347eb0a1612713327922960bef011519ea8e7d42043f0847190eeade8d9e0?s=96&d=mm&r=g","caption":"J\u00e9r\u00e9my Menestret"},"url":"https:\/\/www.ancier.fr\/?author=2"}]}},"_links":{"self":[{"href":"https:\/\/www.ancier.fr\/index.php?rest_route=\/wp\/v2\/posts\/16540","targetHints":{"allow":["GET"]}}],"collection":[{"href":"https:\/\/www.ancier.fr\/index.php?rest_route=\/wp\/v2\/posts"}],"about":[{"href":"https:\/\/www.ancier.fr\/index.php?rest_route=\/wp\/v2\/types\/post"}],"author":[{"embeddable":true,"href":"https:\/\/www.ancier.fr\/index.php?rest_route=\/wp\/v2\/users\/2"}],"replies":[{"embeddable":true,"href":"https:\/\/www.ancier.fr\/index.php?rest_route=%2Fwp%2Fv2%2Fcomments&post=16540"}],"version-history":[{"count":0,"href":"https:\/\/www.ancier.fr\/index.php?rest_route=\/wp\/v2\/posts\/16540\/revisions"}],"wp:attachment":[{"href":"https:\/\/www.ancier.fr\/index.php?rest_route=%2Fwp%2Fv2%2Fmedia&parent=16540"}],"wp:term":[{"taxonomy":"category","embeddable":true,"href":"https:\/\/www.ancier.fr\/index.php?rest_route=%2Fwp%2Fv2%2Fcategories&post=16540"},{"taxonomy":"post_tag","embeddable":true,"href":"https:\/\/www.ancier.fr\/index.php?rest_route=%2Fwp%2Fv2%2Ftags&post=16540"}],"curies":[{"name":"wp","href":"https:\/\/api.w.org\/{rel}","templated":true}]}}