{"id":16323,"date":"2026-03-16T09:13:29","date_gmt":"2026-03-16T08:13:29","guid":{"rendered":"https:\/\/www.ancier.fr\/?p=16323"},"modified":"2026-03-16T09:13:29","modified_gmt":"2026-03-16T08:13:29","slug":"%f0%9f%97%b3%ef%b8%8f-resultats-des-elections-municipales","status":"publish","type":"post","link":"https:\/\/www.ancier.fr\/?p=16323","title":{"rendered":"\ud83d\uddf3\ufe0f R\u00c9SULTATS DES \u00c9LECTIONS MUNICIPALES"},"content":{"rendered":"<p style=\"text-align: center;\">\u200bUn grand merci aux habitants d&rsquo;Ancier qui se sont d\u00e9plac\u00e9s aux urnes ce dimanche 15 mars 2026. Voici le r\u00e9capitulatif du scrutin :<\/p>\n<p style=\"text-align: center;\">\n<p style=\"text-align: center;\">\u200b\ud83d\udcca Les chiffres cl\u00e9s<\/p>\n<p style=\"text-align: center;\">\u2022 \u200bNombre d&rsquo;\u00e9lecteurs inscrits : 331<\/p>\n<p style=\"text-align: center;\">\u2022 \u200b<span style=\"background-color: #ff0000; color: #ffff00;\">Votants : 192<\/span> (Taux de participation : 58%)<\/p>\n<p style=\"text-align: center;\">\u2022 \u200bAbstentions : 139<\/p>\n<p style=\"text-align: center;\">\u2022 \u200bVotes blancs : 15<\/p>\n<p style=\"text-align: center;\">\u2022 \u200bVotes nuls : 27<\/p>\n<p style=\"text-align: center;\">\u2022 \u200bSuffrages exprim\u00e9s : 150<\/p>\n<p style=\"text-align: center;\">\u200b<span style=\"background-color: #ffff00; color: #ff0000;\">\ud83c\udfc6 R\u00e9sultats de l&rsquo;\u00e9lection<\/span><\/p>\n<p style=\"text-align: center;\">\u200bLa liste unique \u00ab ENSEMBLE POUR ANCIER \u00bb a recueilli 100 % des suffrages exprim\u00e9s.<\/p>\n<p style=\"text-align: center;\">\u200bF\u00e9licitations aux \u00e9lus qui repr\u00e9senteront notre commune :<\/p>\n<p style=\"text-align: center;\">\n<p style=\"text-align: center;\"><span style=\"background-color: #0000ff; color: #ffffff;\">\u2022 \u200bM. MENESTRET Guy<\/span><\/p>\n<p style=\"text-align: center;\"><span style=\"background-color: #0000ff; color: #ffffff;\">\u2022 \u200bMme JEUDY Laurence<\/span><\/p>\n<p style=\"text-align: center;\"><span style=\"background-color: #0000ff; color: #ffffff;\">\u2022 \u200bM. DAGUET Micha\u00ebl<\/span><\/p>\n<p style=\"text-align: center;\"><span style=\"background-color: #0000ff; color: #ffffff;\">\u2022 \u200bMme PELLETIER Sandrine<\/span><\/p>\n<p style=\"text-align: center;\"><span style=\"background-color: #0000ff; color: #ffffff;\">\u2022 \u200bM. MENESTRET J\u00e9r\u00e9my<\/span><\/p>\n<p style=\"text-align: center;\"><span style=\"background-color: #0000ff; color: #ffffff;\">\u2022 \u200bMme LECLERCQ Odile<\/span><\/p>\n<p style=\"text-align: center;\"><span style=\"background-color: #0000ff; color: #ffffff;\">\u2022 \u200bM. DEPIERRE Philippe<\/span><\/p>\n<p style=\"text-align: center;\"><span style=\"background-color: #0000ff; color: #ffffff;\">\u2022 \u200bMme N&rsquo;GUYEN Elona<\/span><\/p>\n<p style=\"text-align: center;\"><span style=\"background-color: #0000ff; color: #ffffff;\">\u2022 \u200bM. DIMANCHE Thilbault<\/span><\/p>\n<p style=\"text-align: center;\"><span style=\"background-color: #0000ff; color: #ffffff;\">\u2022 \u200bMme DE OLIVEIRA Fran\u00e7oise<\/span><\/p>\n<p style=\"text-align: center;\"><span style=\"background-color: #0000ff; color: #ffffff;\">\u2022 \u200bM. MENIGOZ Christophe<\/span><\/p>\n<p style=\"text-align: center;\"><span style=\"background-color: #0000ff; color: #ffffff;\">\u2022 \u200bMme DIEUDONNE Charline<\/span><\/p>\n<p style=\"text-align: center;\"><span style=\"background-color: #0000ff; color: #ffffff;\">\u2022 \u200bM. MASSON Pierre<\/span><\/p>\n<p style=\"text-align: center;\"><span style=\"background-color: #0000ff; color: #ffffff;\">\u2022 \u200bMme DOS-SANTOS H\u00e9l\u00e8ne<\/span><\/p>\n<p style=\"text-align: center;\"><span style=\"background-color: #0000ff; color: #ffffff;\">\u2022 \u200bM. BARGHIONI G\u00e9rard\u00a0<\/span><\/p>\n<p style=\"text-align: center;\"><span style=\"background-color: #0000ff; color: #ffffff;\">\u2022 Mme Bague Oc\u00e9ane<\/span>, 16\u00e8me candidate, remplacera automatiquement un poste de Conseiller Municipal qui pourrait devenir vacant en cours de mandat.<\/p>\n<p style=\"text-align: center;\"><img loading=\"lazy\" decoding=\"async\" class=\"size-full wp-image-16324 aligncenter\" src=\"https:\/\/www.ancier.fr\/wp-content\/uploads\/2026\/03\/20260315_191130-scaled.jpg\" alt=\"\" width=\"1886\" height=\"2560\" srcset=\"https:\/\/www.ancier.fr\/wp-content\/uploads\/2026\/03\/20260315_191130-scaled.jpg 1886w, https:\/\/www.ancier.fr\/wp-content\/uploads\/2026\/03\/20260315_191130-221x300.jpg 221w, https:\/\/www.ancier.fr\/wp-content\/uploads\/2026\/03\/20260315_191130-754x1024.jpg 754w, https:\/\/www.ancier.fr\/wp-content\/uploads\/2026\/03\/20260315_191130-768x1042.jpg 768w, https:\/\/www.ancier.fr\/wp-content\/uploads\/2026\/03\/20260315_191130-1132x1536.jpg 1132w, https:\/\/www.ancier.fr\/wp-content\/uploads\/2026\/03\/20260315_191130-1509x2048.jpg 1509w\" sizes=\"auto, (max-width: 1886px) 100vw, 1886px\" \/><\/p>\n<p>&nbsp;<\/p>\n","protected":false},"excerpt":{"rendered":"<p>\u200bUn grand merci aux habitants d&rsquo;Ancier qui se sont d\u00e9plac\u00e9s aux urnes ce dimanche 15 mars 2026. Voici le r\u00e9capitulatif du scrutin : \u200b\ud83d\udcca Les chiffres cl\u00e9s \u2022 \u200bNombre d&rsquo;\u00e9lecteurs inscrits : 331 \u2022 \u200bVotants : 192 (Taux de participation : 58%) \u2022 \u200bAbstentions : 139 \u2022 \u200bVotes blancs : 15 \u2022 \u200bVotes nuls : [&hellip;]<\/p>\n","protected":false},"author":2,"featured_media":0,"comment_status":"closed","ping_status":"closed","sticky":false,"template":"","format":"standard","meta":{"footnotes":""},"categories":[17],"tags":[],"class_list":["post-16323","post","type-post","status-publish","format-standard","hentry","category-mairie"],"yoast_head":"<!-- This site is optimized with the Yoast SEO Premium plugin v27.2 (Yoast SEO v27.2) - https:\/\/yoast.com\/product\/yoast-seo-premium-wordpress\/ -->\n<title>\ud83d\uddf3\ufe0f R\u00c9SULTATS DES \u00c9LECTIONS MUNICIPALES - Commune d&#039;Ancier<\/title>\n<meta name=\"robots\" content=\"index, follow, max-snippet:-1, max-image-preview:large, max-video-preview:-1\" \/>\n<link rel=\"canonical\" href=\"https:\/\/www.ancier.fr\/?p=16323\" \/>\n<meta property=\"og:locale\" content=\"fr_FR\" \/>\n<meta property=\"og:type\" content=\"article\" \/>\n<meta property=\"og:title\" content=\"\ud83d\uddf3\ufe0f R\u00c9SULTATS DES \u00c9LECTIONS MUNICIPALES\" \/>\n<meta property=\"og:description\" content=\"\u200bUn grand merci aux habitants d&rsquo;Ancier qui se sont d\u00e9plac\u00e9s aux urnes ce dimanche 15 mars 2026. Voici le r\u00e9capitulatif du scrutin : \u200b\ud83d\udcca Les chiffres cl\u00e9s \u2022 \u200bNombre d&rsquo;\u00e9lecteurs inscrits : 331 \u2022 \u200bVotants : 192 (Taux de participation : 58%) \u2022 \u200bAbstentions : 139 \u2022 \u200bVotes blancs : 15 \u2022 \u200bVotes nuls : [&hellip;]\" \/>\n<meta property=\"og:url\" content=\"https:\/\/www.ancier.fr\/?p=16323\" \/>\n<meta property=\"og:site_name\" content=\"Commune d&#039;Ancier\" \/>\n<meta property=\"article:publisher\" content=\"https:\/\/www.facebook.com\/JCA70\" \/>\n<meta property=\"article:published_time\" content=\"2026-03-16T08:13:29+00:00\" \/>\n<meta property=\"og:image\" content=\"https:\/\/www.ancier.fr\/wp-content\/uploads\/2026\/03\/20260315_191130-scaled.jpg\" \/>\n\t<meta property=\"og:image:width\" content=\"1886\" \/>\n\t<meta property=\"og:image:height\" content=\"2560\" \/>\n\t<meta property=\"og:image:type\" content=\"image\/jpeg\" \/>\n<meta name=\"author\" content=\"J\u00e9r\u00e9my Menestret\" \/>\n<meta name=\"twitter:card\" content=\"summary_large_image\" \/>\n<meta name=\"twitter:label1\" content=\"\u00c9crit par\" \/>\n\t<meta name=\"twitter:data1\" content=\"J\u00e9r\u00e9my Menestret\" \/>\n\t<meta name=\"twitter:label2\" content=\"Dur\u00e9e de lecture estim\u00e9e\" \/>\n\t<meta name=\"twitter:data2\" content=\"1 minute\" \/>\n<script type=\"application\/ld+json\" class=\"yoast-schema-graph\">{\"@context\":\"https:\/\/schema.org\",\"@graph\":[{\"@type\":\"Article\",\"@id\":\"https:\/\/www.ancier.fr\/?p=16323#article\",\"isPartOf\":{\"@id\":\"https:\/\/www.ancier.fr\/?p=16323\"},\"author\":{\"name\":\"J\u00e9r\u00e9my Menestret\",\"@id\":\"https:\/\/www.ancier.fr\/#\/schema\/person\/45b80a9ba3bb7dfd44076361badf4cd2\"},\"headline\":\"\ud83d\uddf3\ufe0f R\u00c9SULTATS DES \u00c9LECTIONS MUNICIPALES\",\"datePublished\":\"2026-03-16T08:13:29+00:00\",\"mainEntityOfPage\":{\"@id\":\"https:\/\/www.ancier.fr\/?p=16323\"},\"wordCount\":151,\"publisher\":{\"@id\":\"https:\/\/www.ancier.fr\/#organization\"},\"image\":{\"@id\":\"https:\/\/www.ancier.fr\/?p=16323#primaryimage\"},\"thumbnailUrl\":\"https:\/\/www.ancier.fr\/wp-content\/uploads\/2026\/03\/20260315_191130-scaled.jpg\",\"articleSection\":[\"Mairie\"],\"inLanguage\":\"fr-FR\"},{\"@type\":\"WebPage\",\"@id\":\"https:\/\/www.ancier.fr\/?p=16323\",\"url\":\"https:\/\/www.ancier.fr\/?p=16323\",\"name\":\"\ud83d\uddf3\ufe0f R\u00c9SULTATS DES \u00c9LECTIONS MUNICIPALES - Commune d&#039;Ancier\",\"isPartOf\":{\"@id\":\"https:\/\/www.ancier.fr\/#website\"},\"primaryImageOfPage\":{\"@id\":\"https:\/\/www.ancier.fr\/?p=16323#primaryimage\"},\"image\":{\"@id\":\"https:\/\/www.ancier.fr\/?p=16323#primaryimage\"},\"thumbnailUrl\":\"https:\/\/www.ancier.fr\/wp-content\/uploads\/2026\/03\/20260315_191130-scaled.jpg\",\"datePublished\":\"2026-03-16T08:13:29+00:00\",\"breadcrumb\":{\"@id\":\"https:\/\/www.ancier.fr\/?p=16323#breadcrumb\"},\"inLanguage\":\"fr-FR\",\"potentialAction\":[{\"@type\":\"ReadAction\",\"target\":[\"https:\/\/www.ancier.fr\/?p=16323\"]}]},{\"@type\":\"ImageObject\",\"inLanguage\":\"fr-FR\",\"@id\":\"https:\/\/www.ancier.fr\/?p=16323#primaryimage\",\"url\":\"https:\/\/www.ancier.fr\/wp-content\/uploads\/2026\/03\/20260315_191130-scaled.jpg\",\"contentUrl\":\"https:\/\/www.ancier.fr\/wp-content\/uploads\/2026\/03\/20260315_191130-scaled.jpg\",\"width\":1886,\"height\":2560},{\"@type\":\"BreadcrumbList\",\"@id\":\"https:\/\/www.ancier.fr\/?p=16323#breadcrumb\",\"itemListElement\":[{\"@type\":\"ListItem\",\"position\":1,\"name\":\"Accueil\",\"item\":\"https:\/\/www.ancier.fr\/\"},{\"@type\":\"ListItem\",\"position\":2,\"name\":\"\ud83d\uddf3\ufe0f R\u00c9SULTATS DES \u00c9LECTIONS MUNICIPALES\"}]},{\"@type\":\"WebSite\",\"@id\":\"https:\/\/www.ancier.fr\/#website\",\"url\":\"https:\/\/www.ancier.fr\/\",\"name\":\"Commune d'Ancier\",\"description\":\"Site de la commune d&#039;Ancier\",\"publisher\":{\"@id\":\"https:\/\/www.ancier.fr\/#organization\"},\"potentialAction\":[{\"@type\":\"SearchAction\",\"target\":{\"@type\":\"EntryPoint\",\"urlTemplate\":\"https:\/\/www.ancier.fr\/?s={search_term_string}\"},\"query-input\":{\"@type\":\"PropertyValueSpecification\",\"valueRequired\":true,\"valueName\":\"search_term_string\"}}],\"inLanguage\":\"fr-FR\"},{\"@type\":\"Organization\",\"@id\":\"https:\/\/www.ancier.fr\/#organization\",\"name\":\"Commune d'Ancier\",\"url\":\"https:\/\/www.ancier.fr\/\",\"logo\":{\"@type\":\"ImageObject\",\"inLanguage\":\"fr-FR\",\"@id\":\"https:\/\/www.ancier.fr\/#\/schema\/logo\/image\/\",\"url\":\"https:\/\/www.ancier.fr\/wp-content\/uploads\/2026\/02\/cropped-FB_IMG_1649179786128.png\",\"contentUrl\":\"https:\/\/www.ancier.fr\/wp-content\/uploads\/2026\/02\/cropped-FB_IMG_1649179786128.png\",\"width\":931,\"height\":931,\"caption\":\"Commune d'Ancier\"},\"image\":{\"@id\":\"https:\/\/www.ancier.fr\/#\/schema\/logo\/image\/\"},\"sameAs\":[\"https:\/\/www.facebook.com\/JCA70\"]},{\"@type\":\"Person\",\"@id\":\"https:\/\/www.ancier.fr\/#\/schema\/person\/45b80a9ba3bb7dfd44076361badf4cd2\",\"name\":\"J\u00e9r\u00e9my Menestret\",\"image\":{\"@type\":\"ImageObject\",\"inLanguage\":\"fr-FR\",\"@id\":\"https:\/\/secure.gravatar.com\/avatar\/6eb347eb0a1612713327922960bef011519ea8e7d42043f0847190eeade8d9e0?s=96&d=mm&r=g\",\"url\":\"https:\/\/secure.gravatar.com\/avatar\/6eb347eb0a1612713327922960bef011519ea8e7d42043f0847190eeade8d9e0?s=96&d=mm&r=g\",\"contentUrl\":\"https:\/\/secure.gravatar.com\/avatar\/6eb347eb0a1612713327922960bef011519ea8e7d42043f0847190eeade8d9e0?s=96&d=mm&r=g\",\"caption\":\"J\u00e9r\u00e9my Menestret\"},\"url\":\"https:\/\/www.ancier.fr\/?author=2\"}]}<\/script>\n<!-- \/ Yoast SEO Premium plugin. -->","yoast_head_json":{"title":"\ud83d\uddf3\ufe0f R\u00c9SULTATS DES \u00c9LECTIONS MUNICIPALES - Commune d&#039;Ancier","robots":{"index":"index","follow":"follow","max-snippet":"max-snippet:-1","max-image-preview":"max-image-preview:large","max-video-preview":"max-video-preview:-1"},"canonical":"https:\/\/www.ancier.fr\/?p=16323","og_locale":"fr_FR","og_type":"article","og_title":"\ud83d\uddf3\ufe0f R\u00c9SULTATS DES \u00c9LECTIONS MUNICIPALES","og_description":"\u200bUn grand merci aux habitants d&rsquo;Ancier qui se sont d\u00e9plac\u00e9s aux urnes ce dimanche 15 mars 2026. Voici le r\u00e9capitulatif du scrutin : \u200b\ud83d\udcca Les chiffres cl\u00e9s \u2022 \u200bNombre d&rsquo;\u00e9lecteurs inscrits : 331 \u2022 \u200bVotants : 192 (Taux de participation : 58%) \u2022 \u200bAbstentions : 139 \u2022 \u200bVotes blancs : 15 \u2022 \u200bVotes nuls : [&hellip;]","og_url":"https:\/\/www.ancier.fr\/?p=16323","og_site_name":"Commune d&#039;Ancier","article_publisher":"https:\/\/www.facebook.com\/JCA70","article_published_time":"2026-03-16T08:13:29+00:00","og_image":[{"width":1886,"height":2560,"url":"https:\/\/www.ancier.fr\/wp-content\/uploads\/2026\/03\/20260315_191130-scaled.jpg","type":"image\/jpeg"}],"author":"J\u00e9r\u00e9my Menestret","twitter_card":"summary_large_image","twitter_misc":{"\u00c9crit par":"J\u00e9r\u00e9my Menestret","Dur\u00e9e de lecture estim\u00e9e":"1 minute"},"schema":{"@context":"https:\/\/schema.org","@graph":[{"@type":"Article","@id":"https:\/\/www.ancier.fr\/?p=16323#article","isPartOf":{"@id":"https:\/\/www.ancier.fr\/?p=16323"},"author":{"name":"J\u00e9r\u00e9my Menestret","@id":"https:\/\/www.ancier.fr\/#\/schema\/person\/45b80a9ba3bb7dfd44076361badf4cd2"},"headline":"\ud83d\uddf3\ufe0f R\u00c9SULTATS DES \u00c9LECTIONS MUNICIPALES","datePublished":"2026-03-16T08:13:29+00:00","mainEntityOfPage":{"@id":"https:\/\/www.ancier.fr\/?p=16323"},"wordCount":151,"publisher":{"@id":"https:\/\/www.ancier.fr\/#organization"},"image":{"@id":"https:\/\/www.ancier.fr\/?p=16323#primaryimage"},"thumbnailUrl":"https:\/\/www.ancier.fr\/wp-content\/uploads\/2026\/03\/20260315_191130-scaled.jpg","articleSection":["Mairie"],"inLanguage":"fr-FR"},{"@type":"WebPage","@id":"https:\/\/www.ancier.fr\/?p=16323","url":"https:\/\/www.ancier.fr\/?p=16323","name":"\ud83d\uddf3\ufe0f R\u00c9SULTATS DES \u00c9LECTIONS MUNICIPALES - Commune d&#039;Ancier","isPartOf":{"@id":"https:\/\/www.ancier.fr\/#website"},"primaryImageOfPage":{"@id":"https:\/\/www.ancier.fr\/?p=16323#primaryimage"},"image":{"@id":"https:\/\/www.ancier.fr\/?p=16323#primaryimage"},"thumbnailUrl":"https:\/\/www.ancier.fr\/wp-content\/uploads\/2026\/03\/20260315_191130-scaled.jpg","datePublished":"2026-03-16T08:13:29+00:00","breadcrumb":{"@id":"https:\/\/www.ancier.fr\/?p=16323#breadcrumb"},"inLanguage":"fr-FR","potentialAction":[{"@type":"ReadAction","target":["https:\/\/www.ancier.fr\/?p=16323"]}]},{"@type":"ImageObject","inLanguage":"fr-FR","@id":"https:\/\/www.ancier.fr\/?p=16323#primaryimage","url":"https:\/\/www.ancier.fr\/wp-content\/uploads\/2026\/03\/20260315_191130-scaled.jpg","contentUrl":"https:\/\/www.ancier.fr\/wp-content\/uploads\/2026\/03\/20260315_191130-scaled.jpg","width":1886,"height":2560},{"@type":"BreadcrumbList","@id":"https:\/\/www.ancier.fr\/?p=16323#breadcrumb","itemListElement":[{"@type":"ListItem","position":1,"name":"Accueil","item":"https:\/\/www.ancier.fr\/"},{"@type":"ListItem","position":2,"name":"\ud83d\uddf3\ufe0f R\u00c9SULTATS DES \u00c9LECTIONS MUNICIPALES"}]},{"@type":"WebSite","@id":"https:\/\/www.ancier.fr\/#website","url":"https:\/\/www.ancier.fr\/","name":"Commune d'Ancier","description":"Site de la commune d&#039;Ancier","publisher":{"@id":"https:\/\/www.ancier.fr\/#organization"},"potentialAction":[{"@type":"SearchAction","target":{"@type":"EntryPoint","urlTemplate":"https:\/\/www.ancier.fr\/?s={search_term_string}"},"query-input":{"@type":"PropertyValueSpecification","valueRequired":true,"valueName":"search_term_string"}}],"inLanguage":"fr-FR"},{"@type":"Organization","@id":"https:\/\/www.ancier.fr\/#organization","name":"Commune d'Ancier","url":"https:\/\/www.ancier.fr\/","logo":{"@type":"ImageObject","inLanguage":"fr-FR","@id":"https:\/\/www.ancier.fr\/#\/schema\/logo\/image\/","url":"https:\/\/www.ancier.fr\/wp-content\/uploads\/2026\/02\/cropped-FB_IMG_1649179786128.png","contentUrl":"https:\/\/www.ancier.fr\/wp-content\/uploads\/2026\/02\/cropped-FB_IMG_1649179786128.png","width":931,"height":931,"caption":"Commune d'Ancier"},"image":{"@id":"https:\/\/www.ancier.fr\/#\/schema\/logo\/image\/"},"sameAs":["https:\/\/www.facebook.com\/JCA70"]},{"@type":"Person","@id":"https:\/\/www.ancier.fr\/#\/schema\/person\/45b80a9ba3bb7dfd44076361badf4cd2","name":"J\u00e9r\u00e9my Menestret","image":{"@type":"ImageObject","inLanguage":"fr-FR","@id":"https:\/\/secure.gravatar.com\/avatar\/6eb347eb0a1612713327922960bef011519ea8e7d42043f0847190eeade8d9e0?s=96&d=mm&r=g","url":"https:\/\/secure.gravatar.com\/avatar\/6eb347eb0a1612713327922960bef011519ea8e7d42043f0847190eeade8d9e0?s=96&d=mm&r=g","contentUrl":"https:\/\/secure.gravatar.com\/avatar\/6eb347eb0a1612713327922960bef011519ea8e7d42043f0847190eeade8d9e0?s=96&d=mm&r=g","caption":"J\u00e9r\u00e9my Menestret"},"url":"https:\/\/www.ancier.fr\/?author=2"}]}},"_links":{"self":[{"href":"https:\/\/www.ancier.fr\/index.php?rest_route=\/wp\/v2\/posts\/16323","targetHints":{"allow":["GET"]}}],"collection":[{"href":"https:\/\/www.ancier.fr\/index.php?rest_route=\/wp\/v2\/posts"}],"about":[{"href":"https:\/\/www.ancier.fr\/index.php?rest_route=\/wp\/v2\/types\/post"}],"author":[{"embeddable":true,"href":"https:\/\/www.ancier.fr\/index.php?rest_route=\/wp\/v2\/users\/2"}],"replies":[{"embeddable":true,"href":"https:\/\/www.ancier.fr\/index.php?rest_route=%2Fwp%2Fv2%2Fcomments&post=16323"}],"version-history":[{"count":0,"href":"https:\/\/www.ancier.fr\/index.php?rest_route=\/wp\/v2\/posts\/16323\/revisions"}],"wp:attachment":[{"href":"https:\/\/www.ancier.fr\/index.php?rest_route=%2Fwp%2Fv2%2Fmedia&parent=16323"}],"wp:term":[{"taxonomy":"category","embeddable":true,"href":"https:\/\/www.ancier.fr\/index.php?rest_route=%2Fwp%2Fv2%2Fcategories&post=16323"},{"taxonomy":"post_tag","embeddable":true,"href":"https:\/\/www.ancier.fr\/index.php?rest_route=%2Fwp%2Fv2%2Ftags&post=16323"}],"curies":[{"name":"wp","href":"https:\/\/api.w.org\/{rel}","templated":true}]}}