{"id":16258,"date":"2026-03-06T11:51:07","date_gmt":"2026-03-06T10:51:07","guid":{"rendered":"https:\/\/www.ancier.fr\/?p=16258"},"modified":"2026-03-06T11:51:07","modified_gmt":"2026-03-06T10:51:07","slug":"%f0%9f%a7%b9%e2%9c%a8-ancier-propre-balayeuse-%e2%9c%a8%f0%9f%a7%b9","status":"publish","type":"post","link":"https:\/\/www.ancier.fr\/?p=16258","title":{"rendered":"\ud83e\uddf9\u2728 Ancier Propre Balayeuse \u2728\ud83e\uddf9"},"content":{"rendered":"<p style=\"text-align: center;\">Pour am\u00e9liorer la propret\u00e9 et le cadre de vie de notre village, la commune d\u2019Ancier s\u2019est r\u00e9cemment \u00e9quip\u00e9e d\u2019une petite balayeuse \u00e9lectriqueet \u00e9cologique. \ud83e\uddf9\u2728<\/p>\n<p style=\"text-align: center;\">\n<p style=\"text-align: center;\">Ce nouvel \u00e9quipement facilitera la t\u00e2che de nos agents communaux, que nous remercions sinc\u00e8rement pour leur travail quotidien au service de notre commune.<\/p>\n<p style=\"text-align: center;\">\n<p style=\"text-align: center;\">Ensemble, continuons \u00e0 prendre soin de notre village ! \ud83c\udf33<\/p>\n<p><img loading=\"lazy\" decoding=\"async\" class=\"alignnone size-full wp-image-16259\" src=\"https:\/\/www.ancier.fr\/wp-content\/uploads\/2026\/03\/20241217_1152091-scaled.jpg\" alt=\"\" width=\"2560\" height=\"1801\" srcset=\"https:\/\/www.ancier.fr\/wp-content\/uploads\/2026\/03\/20241217_1152091-scaled.jpg 2560w, https:\/\/www.ancier.fr\/wp-content\/uploads\/2026\/03\/20241217_1152091-300x211.jpg 300w, https:\/\/www.ancier.fr\/wp-content\/uploads\/2026\/03\/20241217_1152091-1024x720.jpg 1024w, https:\/\/www.ancier.fr\/wp-content\/uploads\/2026\/03\/20241217_1152091-768x540.jpg 768w, https:\/\/www.ancier.fr\/wp-content\/uploads\/2026\/03\/20241217_1152091-1536x1081.jpg 1536w, https:\/\/www.ancier.fr\/wp-content\/uploads\/2026\/03\/20241217_1152091-2048x1441.jpg 2048w\" sizes=\"auto, (max-width: 2560px) 100vw, 2560px\" \/> <img loading=\"lazy\" decoding=\"async\" class=\"alignnone size-full wp-image-16260\" src=\"https:\/\/www.ancier.fr\/wp-content\/uploads\/2026\/03\/20241217_115502-scaled.jpg\" alt=\"\" width=\"2560\" height=\"1920\" srcset=\"https:\/\/www.ancier.fr\/wp-content\/uploads\/2026\/03\/20241217_115502-scaled.jpg 2560w, https:\/\/www.ancier.fr\/wp-content\/uploads\/2026\/03\/20241217_115502-300x225.jpg 300w, https:\/\/www.ancier.fr\/wp-content\/uploads\/2026\/03\/20241217_115502-1024x768.jpg 1024w, https:\/\/www.ancier.fr\/wp-content\/uploads\/2026\/03\/20241217_115502-768x576.jpg 768w, https:\/\/www.ancier.fr\/wp-content\/uploads\/2026\/03\/20241217_115502-1536x1152.jpg 1536w, https:\/\/www.ancier.fr\/wp-content\/uploads\/2026\/03\/20241217_115502-2048x1536.jpg 2048w\" sizes=\"auto, (max-width: 2560px) 100vw, 2560px\" \/> <img loading=\"lazy\" decoding=\"async\" class=\"alignnone size-full wp-image-16261\" src=\"https:\/\/www.ancier.fr\/wp-content\/uploads\/2026\/03\/20241217_112544-scaled.jpg\" alt=\"\" width=\"2560\" height=\"1920\" srcset=\"https:\/\/www.ancier.fr\/wp-content\/uploads\/2026\/03\/20241217_112544-scaled.jpg 2560w, https:\/\/www.ancier.fr\/wp-content\/uploads\/2026\/03\/20241217_112544-300x225.jpg 300w, https:\/\/www.ancier.fr\/wp-content\/uploads\/2026\/03\/20241217_112544-1024x768.jpg 1024w, https:\/\/www.ancier.fr\/wp-content\/uploads\/2026\/03\/20241217_112544-768x576.jpg 768w, https:\/\/www.ancier.fr\/wp-content\/uploads\/2026\/03\/20241217_112544-1536x1152.jpg 1536w, https:\/\/www.ancier.fr\/wp-content\/uploads\/2026\/03\/20241217_112544-2048x1536.jpg 2048w\" sizes=\"auto, (max-width: 2560px) 100vw, 2560px\" \/> <img loading=\"lazy\" decoding=\"async\" class=\"alignnone size-full wp-image-16262\" src=\"https:\/\/www.ancier.fr\/wp-content\/uploads\/2026\/03\/17725630810641.jpg\" alt=\"\" width=\"1014\" height=\"935\" srcset=\"https:\/\/www.ancier.fr\/wp-content\/uploads\/2026\/03\/17725630810641.jpg 1014w, https:\/\/www.ancier.fr\/wp-content\/uploads\/2026\/03\/17725630810641-300x277.jpg 300w, https:\/\/www.ancier.fr\/wp-content\/uploads\/2026\/03\/17725630810641-768x708.jpg 768w\" sizes=\"auto, (max-width: 1014px) 100vw, 1014px\" \/><\/p>\n<p>&nbsp;<\/p>\n","protected":false},"excerpt":{"rendered":"<p>Pour am\u00e9liorer la propret\u00e9 et le cadre de vie de notre village, la commune d\u2019Ancier s\u2019est r\u00e9cemment \u00e9quip\u00e9e d\u2019une petite balayeuse \u00e9lectriqueet \u00e9cologique. \ud83e\uddf9\u2728 Ce nouvel \u00e9quipement facilitera la t\u00e2che de nos agents communaux, que nous remercions sinc\u00e8rement pour leur travail quotidien au service de notre commune. Ensemble, continuons \u00e0 prendre soin de notre village [&hellip;]<\/p>\n","protected":false},"author":2,"featured_media":0,"comment_status":"closed","ping_status":"closed","sticky":false,"template":"","format":"standard","meta":{"footnotes":""},"categories":[27],"tags":[],"class_list":["post-16258","post","type-post","status-publish","format-standard","hentry","category-environnement-et-securite"],"yoast_head":"<!-- This site is optimized with the Yoast SEO Premium plugin v27.2 (Yoast SEO v27.2) - https:\/\/yoast.com\/product\/yoast-seo-premium-wordpress\/ -->\n<title>\ud83e\uddf9\u2728 Ancier Propre Balayeuse \u2728\ud83e\uddf9 - Commune d&#039;Ancier<\/title>\n<meta name=\"robots\" content=\"index, follow, max-snippet:-1, max-image-preview:large, max-video-preview:-1\" \/>\n<link rel=\"canonical\" href=\"https:\/\/www.ancier.fr\/?p=16258\" \/>\n<meta property=\"og:locale\" content=\"fr_FR\" \/>\n<meta property=\"og:type\" content=\"article\" \/>\n<meta property=\"og:title\" content=\"\ud83e\uddf9\u2728 Ancier Propre Balayeuse \u2728\ud83e\uddf9\" \/>\n<meta property=\"og:description\" content=\"Pour am\u00e9liorer la propret\u00e9 et le cadre de vie de notre village, la commune d\u2019Ancier s\u2019est r\u00e9cemment \u00e9quip\u00e9e d\u2019une petite balayeuse \u00e9lectriqueet \u00e9cologique. \ud83e\uddf9\u2728 Ce nouvel \u00e9quipement facilitera la t\u00e2che de nos agents communaux, que nous remercions sinc\u00e8rement pour leur travail quotidien au service de notre commune. Ensemble, continuons \u00e0 prendre soin de notre village [&hellip;]\" \/>\n<meta property=\"og:url\" content=\"https:\/\/www.ancier.fr\/?p=16258\" \/>\n<meta property=\"og:site_name\" content=\"Commune d&#039;Ancier\" \/>\n<meta property=\"article:publisher\" content=\"https:\/\/www.facebook.com\/JCA70\" \/>\n<meta property=\"article:published_time\" content=\"2026-03-06T10:51:07+00:00\" \/>\n<meta property=\"og:image\" content=\"https:\/\/www.ancier.fr\/wp-content\/uploads\/2026\/03\/20241217_1152091-scaled.jpg\" \/>\n\t<meta property=\"og:image:width\" content=\"2560\" \/>\n\t<meta property=\"og:image:height\" content=\"1801\" \/>\n\t<meta property=\"og:image:type\" content=\"image\/jpeg\" \/>\n<meta name=\"author\" content=\"J\u00e9r\u00e9my Menestret\" \/>\n<meta name=\"twitter:card\" content=\"summary_large_image\" \/>\n<meta name=\"twitter:label1\" content=\"\u00c9crit par\" \/>\n\t<meta name=\"twitter:data1\" content=\"J\u00e9r\u00e9my Menestret\" \/>\n<script type=\"application\/ld+json\" class=\"yoast-schema-graph\">{\"@context\":\"https:\/\/schema.org\",\"@graph\":[{\"@type\":\"Article\",\"@id\":\"https:\/\/www.ancier.fr\/?p=16258#article\",\"isPartOf\":{\"@id\":\"https:\/\/www.ancier.fr\/?p=16258\"},\"author\":{\"name\":\"J\u00e9r\u00e9my Menestret\",\"@id\":\"https:\/\/www.ancier.fr\/#\/schema\/person\/45b80a9ba3bb7dfd44076361badf4cd2\"},\"headline\":\"\ud83e\uddf9\u2728 Ancier Propre Balayeuse \u2728\ud83e\uddf9\",\"datePublished\":\"2026-03-06T10:51:07+00:00\",\"mainEntityOfPage\":{\"@id\":\"https:\/\/www.ancier.fr\/?p=16258\"},\"wordCount\":65,\"publisher\":{\"@id\":\"https:\/\/www.ancier.fr\/#organization\"},\"image\":{\"@id\":\"https:\/\/www.ancier.fr\/?p=16258#primaryimage\"},\"thumbnailUrl\":\"https:\/\/www.ancier.fr\/wp-content\/uploads\/2026\/03\/20241217_1152091-scaled.jpg\",\"articleSection\":[\"Environnement et s\u00e9curit\u00e9\"],\"inLanguage\":\"fr-FR\"},{\"@type\":\"WebPage\",\"@id\":\"https:\/\/www.ancier.fr\/?p=16258\",\"url\":\"https:\/\/www.ancier.fr\/?p=16258\",\"name\":\"\ud83e\uddf9\u2728 Ancier Propre Balayeuse \u2728\ud83e\uddf9 - Commune d&#039;Ancier\",\"isPartOf\":{\"@id\":\"https:\/\/www.ancier.fr\/#website\"},\"primaryImageOfPage\":{\"@id\":\"https:\/\/www.ancier.fr\/?p=16258#primaryimage\"},\"image\":{\"@id\":\"https:\/\/www.ancier.fr\/?p=16258#primaryimage\"},\"thumbnailUrl\":\"https:\/\/www.ancier.fr\/wp-content\/uploads\/2026\/03\/20241217_1152091-scaled.jpg\",\"datePublished\":\"2026-03-06T10:51:07+00:00\",\"breadcrumb\":{\"@id\":\"https:\/\/www.ancier.fr\/?p=16258#breadcrumb\"},\"inLanguage\":\"fr-FR\",\"potentialAction\":[{\"@type\":\"ReadAction\",\"target\":[\"https:\/\/www.ancier.fr\/?p=16258\"]}]},{\"@type\":\"ImageObject\",\"inLanguage\":\"fr-FR\",\"@id\":\"https:\/\/www.ancier.fr\/?p=16258#primaryimage\",\"url\":\"https:\/\/www.ancier.fr\/wp-content\/uploads\/2026\/03\/20241217_1152091-scaled.jpg\",\"contentUrl\":\"https:\/\/www.ancier.fr\/wp-content\/uploads\/2026\/03\/20241217_1152091-scaled.jpg\",\"width\":2560,\"height\":1801},{\"@type\":\"BreadcrumbList\",\"@id\":\"https:\/\/www.ancier.fr\/?p=16258#breadcrumb\",\"itemListElement\":[{\"@type\":\"ListItem\",\"position\":1,\"name\":\"Accueil\",\"item\":\"https:\/\/www.ancier.fr\/\"},{\"@type\":\"ListItem\",\"position\":2,\"name\":\"\ud83e\uddf9\u2728 Ancier Propre Balayeuse \u2728\ud83e\uddf9\"}]},{\"@type\":\"WebSite\",\"@id\":\"https:\/\/www.ancier.fr\/#website\",\"url\":\"https:\/\/www.ancier.fr\/\",\"name\":\"Commune d'Ancier\",\"description\":\"Site de la commune d&#039;Ancier\",\"publisher\":{\"@id\":\"https:\/\/www.ancier.fr\/#organization\"},\"potentialAction\":[{\"@type\":\"SearchAction\",\"target\":{\"@type\":\"EntryPoint\",\"urlTemplate\":\"https:\/\/www.ancier.fr\/?s={search_term_string}\"},\"query-input\":{\"@type\":\"PropertyValueSpecification\",\"valueRequired\":true,\"valueName\":\"search_term_string\"}}],\"inLanguage\":\"fr-FR\"},{\"@type\":\"Organization\",\"@id\":\"https:\/\/www.ancier.fr\/#organization\",\"name\":\"Commune d'Ancier\",\"url\":\"https:\/\/www.ancier.fr\/\",\"logo\":{\"@type\":\"ImageObject\",\"inLanguage\":\"fr-FR\",\"@id\":\"https:\/\/www.ancier.fr\/#\/schema\/logo\/image\/\",\"url\":\"https:\/\/www.ancier.fr\/wp-content\/uploads\/2026\/02\/cropped-FB_IMG_1649179786128.png\",\"contentUrl\":\"https:\/\/www.ancier.fr\/wp-content\/uploads\/2026\/02\/cropped-FB_IMG_1649179786128.png\",\"width\":931,\"height\":931,\"caption\":\"Commune d'Ancier\"},\"image\":{\"@id\":\"https:\/\/www.ancier.fr\/#\/schema\/logo\/image\/\"},\"sameAs\":[\"https:\/\/www.facebook.com\/JCA70\"]},{\"@type\":\"Person\",\"@id\":\"https:\/\/www.ancier.fr\/#\/schema\/person\/45b80a9ba3bb7dfd44076361badf4cd2\",\"name\":\"J\u00e9r\u00e9my Menestret\",\"image\":{\"@type\":\"ImageObject\",\"inLanguage\":\"fr-FR\",\"@id\":\"https:\/\/secure.gravatar.com\/avatar\/6eb347eb0a1612713327922960bef011519ea8e7d42043f0847190eeade8d9e0?s=96&d=mm&r=g\",\"url\":\"https:\/\/secure.gravatar.com\/avatar\/6eb347eb0a1612713327922960bef011519ea8e7d42043f0847190eeade8d9e0?s=96&d=mm&r=g\",\"contentUrl\":\"https:\/\/secure.gravatar.com\/avatar\/6eb347eb0a1612713327922960bef011519ea8e7d42043f0847190eeade8d9e0?s=96&d=mm&r=g\",\"caption\":\"J\u00e9r\u00e9my Menestret\"},\"url\":\"https:\/\/www.ancier.fr\/?author=2\"}]}<\/script>\n<!-- \/ Yoast SEO Premium plugin. -->","yoast_head_json":{"title":"\ud83e\uddf9\u2728 Ancier Propre Balayeuse \u2728\ud83e\uddf9 - Commune d&#039;Ancier","robots":{"index":"index","follow":"follow","max-snippet":"max-snippet:-1","max-image-preview":"max-image-preview:large","max-video-preview":"max-video-preview:-1"},"canonical":"https:\/\/www.ancier.fr\/?p=16258","og_locale":"fr_FR","og_type":"article","og_title":"\ud83e\uddf9\u2728 Ancier Propre Balayeuse \u2728\ud83e\uddf9","og_description":"Pour am\u00e9liorer la propret\u00e9 et le cadre de vie de notre village, la commune d\u2019Ancier s\u2019est r\u00e9cemment \u00e9quip\u00e9e d\u2019une petite balayeuse \u00e9lectriqueet \u00e9cologique. \ud83e\uddf9\u2728 Ce nouvel \u00e9quipement facilitera la t\u00e2che de nos agents communaux, que nous remercions sinc\u00e8rement pour leur travail quotidien au service de notre commune. Ensemble, continuons \u00e0 prendre soin de notre village [&hellip;]","og_url":"https:\/\/www.ancier.fr\/?p=16258","og_site_name":"Commune d&#039;Ancier","article_publisher":"https:\/\/www.facebook.com\/JCA70","article_published_time":"2026-03-06T10:51:07+00:00","og_image":[{"width":2560,"height":1801,"url":"https:\/\/www.ancier.fr\/wp-content\/uploads\/2026\/03\/20241217_1152091-scaled.jpg","type":"image\/jpeg"}],"author":"J\u00e9r\u00e9my Menestret","twitter_card":"summary_large_image","twitter_misc":{"\u00c9crit par":"J\u00e9r\u00e9my Menestret"},"schema":{"@context":"https:\/\/schema.org","@graph":[{"@type":"Article","@id":"https:\/\/www.ancier.fr\/?p=16258#article","isPartOf":{"@id":"https:\/\/www.ancier.fr\/?p=16258"},"author":{"name":"J\u00e9r\u00e9my Menestret","@id":"https:\/\/www.ancier.fr\/#\/schema\/person\/45b80a9ba3bb7dfd44076361badf4cd2"},"headline":"\ud83e\uddf9\u2728 Ancier Propre Balayeuse \u2728\ud83e\uddf9","datePublished":"2026-03-06T10:51:07+00:00","mainEntityOfPage":{"@id":"https:\/\/www.ancier.fr\/?p=16258"},"wordCount":65,"publisher":{"@id":"https:\/\/www.ancier.fr\/#organization"},"image":{"@id":"https:\/\/www.ancier.fr\/?p=16258#primaryimage"},"thumbnailUrl":"https:\/\/www.ancier.fr\/wp-content\/uploads\/2026\/03\/20241217_1152091-scaled.jpg","articleSection":["Environnement et s\u00e9curit\u00e9"],"inLanguage":"fr-FR"},{"@type":"WebPage","@id":"https:\/\/www.ancier.fr\/?p=16258","url":"https:\/\/www.ancier.fr\/?p=16258","name":"\ud83e\uddf9\u2728 Ancier Propre Balayeuse \u2728\ud83e\uddf9 - Commune d&#039;Ancier","isPartOf":{"@id":"https:\/\/www.ancier.fr\/#website"},"primaryImageOfPage":{"@id":"https:\/\/www.ancier.fr\/?p=16258#primaryimage"},"image":{"@id":"https:\/\/www.ancier.fr\/?p=16258#primaryimage"},"thumbnailUrl":"https:\/\/www.ancier.fr\/wp-content\/uploads\/2026\/03\/20241217_1152091-scaled.jpg","datePublished":"2026-03-06T10:51:07+00:00","breadcrumb":{"@id":"https:\/\/www.ancier.fr\/?p=16258#breadcrumb"},"inLanguage":"fr-FR","potentialAction":[{"@type":"ReadAction","target":["https:\/\/www.ancier.fr\/?p=16258"]}]},{"@type":"ImageObject","inLanguage":"fr-FR","@id":"https:\/\/www.ancier.fr\/?p=16258#primaryimage","url":"https:\/\/www.ancier.fr\/wp-content\/uploads\/2026\/03\/20241217_1152091-scaled.jpg","contentUrl":"https:\/\/www.ancier.fr\/wp-content\/uploads\/2026\/03\/20241217_1152091-scaled.jpg","width":2560,"height":1801},{"@type":"BreadcrumbList","@id":"https:\/\/www.ancier.fr\/?p=16258#breadcrumb","itemListElement":[{"@type":"ListItem","position":1,"name":"Accueil","item":"https:\/\/www.ancier.fr\/"},{"@type":"ListItem","position":2,"name":"\ud83e\uddf9\u2728 Ancier Propre Balayeuse \u2728\ud83e\uddf9"}]},{"@type":"WebSite","@id":"https:\/\/www.ancier.fr\/#website","url":"https:\/\/www.ancier.fr\/","name":"Commune d'Ancier","description":"Site de la commune d&#039;Ancier","publisher":{"@id":"https:\/\/www.ancier.fr\/#organization"},"potentialAction":[{"@type":"SearchAction","target":{"@type":"EntryPoint","urlTemplate":"https:\/\/www.ancier.fr\/?s={search_term_string}"},"query-input":{"@type":"PropertyValueSpecification","valueRequired":true,"valueName":"search_term_string"}}],"inLanguage":"fr-FR"},{"@type":"Organization","@id":"https:\/\/www.ancier.fr\/#organization","name":"Commune d'Ancier","url":"https:\/\/www.ancier.fr\/","logo":{"@type":"ImageObject","inLanguage":"fr-FR","@id":"https:\/\/www.ancier.fr\/#\/schema\/logo\/image\/","url":"https:\/\/www.ancier.fr\/wp-content\/uploads\/2026\/02\/cropped-FB_IMG_1649179786128.png","contentUrl":"https:\/\/www.ancier.fr\/wp-content\/uploads\/2026\/02\/cropped-FB_IMG_1649179786128.png","width":931,"height":931,"caption":"Commune d'Ancier"},"image":{"@id":"https:\/\/www.ancier.fr\/#\/schema\/logo\/image\/"},"sameAs":["https:\/\/www.facebook.com\/JCA70"]},{"@type":"Person","@id":"https:\/\/www.ancier.fr\/#\/schema\/person\/45b80a9ba3bb7dfd44076361badf4cd2","name":"J\u00e9r\u00e9my Menestret","image":{"@type":"ImageObject","inLanguage":"fr-FR","@id":"https:\/\/secure.gravatar.com\/avatar\/6eb347eb0a1612713327922960bef011519ea8e7d42043f0847190eeade8d9e0?s=96&d=mm&r=g","url":"https:\/\/secure.gravatar.com\/avatar\/6eb347eb0a1612713327922960bef011519ea8e7d42043f0847190eeade8d9e0?s=96&d=mm&r=g","contentUrl":"https:\/\/secure.gravatar.com\/avatar\/6eb347eb0a1612713327922960bef011519ea8e7d42043f0847190eeade8d9e0?s=96&d=mm&r=g","caption":"J\u00e9r\u00e9my Menestret"},"url":"https:\/\/www.ancier.fr\/?author=2"}]}},"_links":{"self":[{"href":"https:\/\/www.ancier.fr\/index.php?rest_route=\/wp\/v2\/posts\/16258","targetHints":{"allow":["GET"]}}],"collection":[{"href":"https:\/\/www.ancier.fr\/index.php?rest_route=\/wp\/v2\/posts"}],"about":[{"href":"https:\/\/www.ancier.fr\/index.php?rest_route=\/wp\/v2\/types\/post"}],"author":[{"embeddable":true,"href":"https:\/\/www.ancier.fr\/index.php?rest_route=\/wp\/v2\/users\/2"}],"replies":[{"embeddable":true,"href":"https:\/\/www.ancier.fr\/index.php?rest_route=%2Fwp%2Fv2%2Fcomments&post=16258"}],"version-history":[{"count":0,"href":"https:\/\/www.ancier.fr\/index.php?rest_route=\/wp\/v2\/posts\/16258\/revisions"}],"wp:attachment":[{"href":"https:\/\/www.ancier.fr\/index.php?rest_route=%2Fwp%2Fv2%2Fmedia&parent=16258"}],"wp:term":[{"taxonomy":"category","embeddable":true,"href":"https:\/\/www.ancier.fr\/index.php?rest_route=%2Fwp%2Fv2%2Fcategories&post=16258"},{"taxonomy":"post_tag","embeddable":true,"href":"https:\/\/www.ancier.fr\/index.php?rest_route=%2Fwp%2Fv2%2Ftags&post=16258"}],"curies":[{"name":"wp","href":"https:\/\/api.w.org\/{rel}","templated":true}]}}